{"id":440,"date":"2024-10-18T21:14:35","date_gmt":"2024-10-18T21:14:35","guid":{"rendered":"https:\/\/uman.gob.mx\/?p=440"},"modified":"2024-10-18T21:14:35","modified_gmt":"2024-10-18T21:14:35","slug":"entrega-de-lentes-a-ninas-y-ninos","status":"publish","type":"post","link":"https:\/\/uman.gob.mx\/index.php\/2024\/10\/18\/entrega-de-lentes-a-ninas-y-ninos\/","title":{"rendered":"Entrega de lentes a ni\u00f1as y ni\u00f1os."},"content":{"rendered":"<div id='gallery-1' class='gallery galleryid-440 gallery-columns-7 gallery-size-thumbnail'><figure class='gallery-item'>\n\t\t\t<div class='gallery-icon landscape'>\n\t\t\t\t<a href='https:\/\/uman.gob.mx\/wp-content\/uploads\/2024\/10\/463085293_122118363542488300_7089418727381769845_n.jpg'><img loading=\"lazy\" decoding=\"async\" width=\"150\" height=\"150\" src=\"https:\/\/uman.gob.mx\/wp-content\/uploads\/2024\/10\/463085293_122118363542488300_7089418727381769845_n-150x150.jpg\" class=\"attachment-thumbnail size-thumbnail\" alt=\"\" \/><\/a>\n\t\t\t<\/div><\/figure><figure class='gallery-item'>\n\t\t\t<div class='gallery-icon landscape'>\n\t\t\t\t<a href='https:\/\/uman.gob.mx\/wp-content\/uploads\/2024\/10\/463256351_122118363572488300_7461893870269433927_n.jpg'><img loading=\"lazy\" decoding=\"async\" width=\"150\" height=\"150\" src=\"https:\/\/uman.gob.mx\/wp-content\/uploads\/2024\/10\/463256351_122118363572488300_7461893870269433927_n-150x150.jpg\" class=\"attachment-thumbnail size-thumbnail\" alt=\"\" \/><\/a>\n\t\t\t<\/div><\/figure><figure class='gallery-item'>\n\t\t\t<div class='gallery-icon landscape'>\n\t\t\t\t<a href='https:\/\/uman.gob.mx\/wp-content\/uploads\/2024\/10\/463335434_122118365024488300_3788350547917172834_n.jpg'><img loading=\"lazy\" decoding=\"async\" width=\"150\" height=\"150\" src=\"https:\/\/uman.gob.mx\/wp-content\/uploads\/2024\/10\/463335434_122118365024488300_3788350547917172834_n-150x150.jpg\" class=\"attachment-thumbnail size-thumbnail\" alt=\"\" \/><\/a>\n\t\t\t<\/div><\/figure><figure class='gallery-item'>\n\t\t\t<div class='gallery-icon landscape'>\n\t\t\t\t<a href='https:\/\/uman.gob.mx\/wp-content\/uploads\/2024\/10\/463362162_122118364904488300_5942246890206213495_n.jpg'><img loading=\"lazy\" decoding=\"async\" width=\"150\" height=\"150\" src=\"https:\/\/uman.gob.mx\/wp-content\/uploads\/2024\/10\/463362162_122118364904488300_5942246890206213495_n-150x150.jpg\" class=\"attachment-thumbnail size-thumbnail\" alt=\"\" \/><\/a>\n\t\t\t<\/div><\/figure><figure class='gallery-item'>\n\t\t\t<div class='gallery-icon landscape'>\n\t\t\t\t<a href='https:\/\/uman.gob.mx\/wp-content\/uploads\/2024\/10\/463444218_122118363512488300_7055748491901485_n.jpg'><img loading=\"lazy\" decoding=\"async\" width=\"150\" height=\"150\" src=\"https:\/\/uman.gob.mx\/wp-content\/uploads\/2024\/10\/463444218_122118363512488300_7055748491901485_n-150x150.jpg\" class=\"attachment-thumbnail size-thumbnail\" alt=\"\" \/><\/a>\n\t\t\t<\/div><\/figure><figure class='gallery-item'>\n\t\t\t<div class='gallery-icon landscape'>\n\t\t\t\t<a href='https:\/\/uman.gob.mx\/wp-content\/uploads\/2024\/10\/463458366_122118363500488300_1484804065317271343_n.jpg'><img loading=\"lazy\" decoding=\"async\" width=\"150\" height=\"150\" src=\"https:\/\/uman.gob.mx\/wp-content\/uploads\/2024\/10\/463458366_122118363500488300_1484804065317271343_n-150x150.jpg\" class=\"attachment-thumbnail size-thumbnail\" alt=\"\" \/><\/a>\n\t\t\t<\/div><\/figure><figure class='gallery-item'>\n\t\t\t<div class='gallery-icon landscape'>\n\t\t\t\t<a href='https:\/\/uman.gob.mx\/wp-content\/uploads\/2024\/10\/463523963_122118363158488300_7123989005387384160_n.jpg'><img loading=\"lazy\" decoding=\"async\" width=\"150\" height=\"150\" src=\"https:\/\/uman.gob.mx\/wp-content\/uploads\/2024\/10\/463523963_122118363158488300_7123989005387384160_n-150x150.jpg\" class=\"attachment-thumbnail size-thumbnail\" alt=\"\" \/><\/a>\n\t\t\t<\/div><\/figure>\n\t\t<\/div>\n\n<div class=\"xdj266r x11i5rnm xat24cr x1mh8g0r x1vvkbs x126k92a\">\n<div dir=\"auto\">Gracias a las gestiones de nuestra Presidenta Municipal, Mtra. <span class=\"html-span xdj266r x11i5rnm xat24cr x1mh8g0r xexx8yu x4uap5 x18d9i69 xkhd6sd x1hl2dhg x16tdsg8 x1vvkbs\"><a class=\"x1i10hfl xjbqb8w x1ejq31n xd10rxx x1sy0etr x17r0tee x972fbf xcfux6l x1qhh985 xm0m39n x9f619 x1ypdohk xt0psk2 xe8uvvx xdj266r x11i5rnm xat24cr x1mh8g0r xexx8yu x4uap5 x18d9i69 xkhd6sd x16tdsg8 x1hl2dhg xggy1nq x1a2a7pz x1sur9pj xkrqix3 x1fey0fg x1s688f\" tabindex=\"0\" role=\"link\" href=\"https:\/\/www.facebook.com\/keniawalldinasauri?__cft__[0]=AZVugaBPXK6z-Dp3HLvW51XigEuUqjyXuP6KZlQAK1FpZg0t7PIjFQ4lkvCHN7frqgnver3LtPfwd8GKaMEnf8bsj-LaNnlSLTpAc_K6xM5eWQEouUr5PUOK8VdQZiyRV3LXP263JWbRrOllyj_CMHJ2F9S8-BEYfMvCbx4TqOaKvw&amp;__tn__=-]K-R\"><span class=\"xt0psk2\">Kenia Walldina Sauri<\/span><\/a><\/span> Maradiaga, y al apoyo de Full Gas y <span class=\"html-span xdj266r x11i5rnm xat24cr x1mh8g0r xexx8yu x4uap5 x18d9i69 xkhd6sd x1hl2dhg x16tdsg8 x1vvkbs\"><a class=\"x1i10hfl xjbqb8w x1ejq31n xd10rxx x1sy0etr x17r0tee x972fbf xcfux6l x1qhh985 xm0m39n x9f619 x1ypdohk xt0psk2 xe8uvvx xdj266r x11i5rnm xat24cr x1mh8g0r xexx8yu x4uap5 x18d9i69 xkhd6sd x16tdsg8 x1hl2dhg xggy1nq x1a2a7pz x1sur9pj xkrqix3 x1fey0fg x1s688f\" tabindex=\"0\" role=\"link\" href=\"https:\/\/www.facebook.com\/uniquerallyclasico?__cft__[0]=AZVugaBPXK6z-Dp3HLvW51XigEuUqjyXuP6KZlQAK1FpZg0t7PIjFQ4lkvCHN7frqgnver3LtPfwd8GKaMEnf8bsj-LaNnlSLTpAc_K6xM5eWQEouUr5PUOK8VdQZiyRV3LXP263JWbRrOllyj_CMHJ2F9S8-BEYfMvCbx4TqOaKvw&amp;__tn__=-]K-R\"><span class=\"xt0psk2\">Unique Rally Cl\u00e1sico<\/span><\/a><\/span>, se entregaron lentes a 12 ni\u00f1as y ni\u00f1os. Esta ayuda no solo mejora su visi\u00f3n, sino que tambi\u00e9n ampl\u00eda sus oportunidades de aprendizaje y crecimiento.<\/div>\n<\/div>\n<div class=\"x11i5rnm xat24cr x1mh8g0r x1vvkbs xtlvy1s x126k92a\">\n<div dir=\"auto\">\u00a1Sigamos sumando esfuerzos por el bienestar de nuestra ciudad!<\/div>\n<\/div>\n","protected":false},"excerpt":{"rendered":"<p>Gracias a las gestiones de nuestra Presidenta Municipal, Mtra. Kenia Walldina Sauri Maradiaga, y al apoyo de Full Gas y Unique Rally Cl\u00e1sico, se entregaron lentes a 12 ni\u00f1as y ni\u00f1os. Esta ayuda no solo mejora su visi\u00f3n, sino que tambi\u00e9n ampl\u00eda sus oportunidades de aprendizaje y crecimiento. \u00a1Sigamos sumando esfuerzos por el bienestar de [&hellip;]<\/p>\n","protected":false},"author":1,"featured_media":447,"comment_status":"closed","ping_status":"open","sticky":false,"template":"","format":"standard","meta":{"footnotes":""},"categories":[14],"tags":[],"class_list":["post-440","post","type-post","status-publish","format-standard","has-post-thumbnail","hentry","category-salud"],"_links":{"self":[{"href":"https:\/\/uman.gob.mx\/index.php\/wp-json\/wp\/v2\/posts\/440","targetHints":{"allow":["GET"]}}],"collection":[{"href":"https:\/\/uman.gob.mx\/index.php\/wp-json\/wp\/v2\/posts"}],"about":[{"href":"https:\/\/uman.gob.mx\/index.php\/wp-json\/wp\/v2\/types\/post"}],"author":[{"embeddable":true,"href":"https:\/\/uman.gob.mx\/index.php\/wp-json\/wp\/v2\/users\/1"}],"replies":[{"embeddable":true,"href":"https:\/\/uman.gob.mx\/index.php\/wp-json\/wp\/v2\/comments?post=440"}],"version-history":[{"count":1,"href":"https:\/\/uman.gob.mx\/index.php\/wp-json\/wp\/v2\/posts\/440\/revisions"}],"predecessor-version":[{"id":448,"href":"https:\/\/uman.gob.mx\/index.php\/wp-json\/wp\/v2\/posts\/440\/revisions\/448"}],"wp:featuredmedia":[{"embeddable":true,"href":"https:\/\/uman.gob.mx\/index.php\/wp-json\/wp\/v2\/media\/447"}],"wp:attachment":[{"href":"https:\/\/uman.gob.mx\/index.php\/wp-json\/wp\/v2\/media?parent=440"}],"wp:term":[{"taxonomy":"category","embeddable":true,"href":"https:\/\/uman.gob.mx\/index.php\/wp-json\/wp\/v2\/categories?post=440"},{"taxonomy":"post_tag","embeddable":true,"href":"https:\/\/uman.gob.mx\/index.php\/wp-json\/wp\/v2\/tags?post=440"}],"curies":[{"name":"wp","href":"https:\/\/api.w.org\/{rel}","templated":true}]}}