{"id":2544,"date":"2025-02-28T00:02:10","date_gmt":"2025-02-28T00:02:10","guid":{"rendered":"https:\/\/uman.gob.mx\/?p=2544"},"modified":"2025-02-28T00:02:10","modified_gmt":"2025-02-28T00:02:10","slug":"platica-fomento-sanitario-para-escuelas-de-nivel-primaria","status":"publish","type":"post","link":"https:\/\/uman.gob.mx\/index.php\/2025\/02\/28\/platica-fomento-sanitario-para-escuelas-de-nivel-primaria\/","title":{"rendered":"Pl\u00e1tica \u00abFomento Sanitario Para Escuelas de Nivel Primaria\u00bb."},"content":{"rendered":"<div id='gallery-1' class='gallery galleryid-2544 gallery-columns-3 gallery-size-thumbnail'><figure class='gallery-item'>\n\t\t\t<div class='gallery-icon landscape'>\n\t\t\t\t<a href='https:\/\/uman.gob.mx\/wp-content\/uploads\/2025\/02\/480571700_122140715144488300_5305368912438062262_n.jpg'><img loading=\"lazy\" decoding=\"async\" width=\"150\" height=\"150\" src=\"https:\/\/uman.gob.mx\/wp-content\/uploads\/2025\/02\/480571700_122140715144488300_5305368912438062262_n-150x150.jpg\" class=\"attachment-thumbnail size-thumbnail\" alt=\"\" \/><\/a>\n\t\t\t<\/div><\/figure><figure class='gallery-item'>\n\t\t\t<div class='gallery-icon landscape'>\n\t\t\t\t<a href='https:\/\/uman.gob.mx\/wp-content\/uploads\/2025\/02\/480550877_122140715138488300_2133463229620374154_n.jpg'><img loading=\"lazy\" decoding=\"async\" width=\"150\" height=\"150\" src=\"https:\/\/uman.gob.mx\/wp-content\/uploads\/2025\/02\/480550877_122140715138488300_2133463229620374154_n-150x150.jpg\" class=\"attachment-thumbnail size-thumbnail\" alt=\"\" \/><\/a>\n\t\t\t<\/div><\/figure><figure class='gallery-item'>\n\t\t\t<div class='gallery-icon landscape'>\n\t\t\t\t<a href='https:\/\/uman.gob.mx\/wp-content\/uploads\/2025\/02\/480549140_122140715156488300_3674021575010778129_n.jpg'><img loading=\"lazy\" decoding=\"async\" width=\"150\" height=\"150\" src=\"https:\/\/uman.gob.mx\/wp-content\/uploads\/2025\/02\/480549140_122140715156488300_3674021575010778129_n-150x150.jpg\" class=\"attachment-thumbnail size-thumbnail\" alt=\"\" \/><\/a>\n\t\t\t<\/div><\/figure>\n\t\t<\/div>\n\n<div class=\"xdj266r x11i5rnm xat24cr x1mh8g0r x1vvkbs x126k92a\">\n<div dir=\"auto\">La Direcci\u00f3n de Salud del H. Ayuntamiento de Um\u00e1n, en coordinaci\u00f3n con la Brigada de Emergencias Sanitarias del Gobierno del Estado, llev\u00f3 a cabo la pl\u00e1tica \u201cFomento Sanitario para Escuelas a Nivel Primaria\u201d, con el objetivo de promover entornos escolares m\u00e1s seguros y saludables.<\/div>\n<\/div>\n<div class=\"x11i5rnm xat24cr x1mh8g0r x1vvkbs xtlvy1s x126k92a\">\n<div dir=\"auto\">Agradecemos a los ponentes Lic. Roberto Esquivel, Lic. Roger Chac, y los brigadistas Miguel Vargas y Jos\u00e9 Villalobos, as\u00ed como a los directores de nivel primaria de cabecera, fraccionamientos y comisar\u00edas que participaron en esta importante jornada.<\/div>\n<\/div>\n","protected":false},"excerpt":{"rendered":"<p>La Direcci\u00f3n de Salud del H. Ayuntamiento de Um\u00e1n, en coordinaci\u00f3n con la Brigada de Emergencias Sanitarias del Gobierno del Estado, llev\u00f3 a cabo la pl\u00e1tica \u201cFomento Sanitario para Escuelas a Nivel Primaria\u201d, con el objetivo de promover entornos escolares m\u00e1s seguros y saludables. Agradecemos a los ponentes Lic. Roberto Esquivel, Lic. Roger Chac, y [&hellip;]<\/p>\n","protected":false},"author":1,"featured_media":2545,"comment_status":"closed","ping_status":"open","sticky":false,"template":"","format":"standard","meta":{"footnotes":""},"categories":[14],"tags":[],"class_list":["post-2544","post","type-post","status-publish","format-standard","has-post-thumbnail","hentry","category-salud"],"_links":{"self":[{"href":"https:\/\/uman.gob.mx\/index.php\/wp-json\/wp\/v2\/posts\/2544","targetHints":{"allow":["GET"]}}],"collection":[{"href":"https:\/\/uman.gob.mx\/index.php\/wp-json\/wp\/v2\/posts"}],"about":[{"href":"https:\/\/uman.gob.mx\/index.php\/wp-json\/wp\/v2\/types\/post"}],"author":[{"embeddable":true,"href":"https:\/\/uman.gob.mx\/index.php\/wp-json\/wp\/v2\/users\/1"}],"replies":[{"embeddable":true,"href":"https:\/\/uman.gob.mx\/index.php\/wp-json\/wp\/v2\/comments?post=2544"}],"version-history":[{"count":1,"href":"https:\/\/uman.gob.mx\/index.php\/wp-json\/wp\/v2\/posts\/2544\/revisions"}],"predecessor-version":[{"id":2548,"href":"https:\/\/uman.gob.mx\/index.php\/wp-json\/wp\/v2\/posts\/2544\/revisions\/2548"}],"wp:featuredmedia":[{"embeddable":true,"href":"https:\/\/uman.gob.mx\/index.php\/wp-json\/wp\/v2\/media\/2545"}],"wp:attachment":[{"href":"https:\/\/uman.gob.mx\/index.php\/wp-json\/wp\/v2\/media?parent=2544"}],"wp:term":[{"taxonomy":"category","embeddable":true,"href":"https:\/\/uman.gob.mx\/index.php\/wp-json\/wp\/v2\/categories?post=2544"},{"taxonomy":"post_tag","embeddable":true,"href":"https:\/\/uman.gob.mx\/index.php\/wp-json\/wp\/v2\/tags?post=2544"}],"curies":[{"name":"wp","href":"https:\/\/api.w.org\/{rel}","templated":true}]}}