{"id":2538,"date":"2025-02-27T23:49:10","date_gmt":"2025-02-27T23:49:10","guid":{"rendered":"https:\/\/uman.gob.mx\/?p=2538"},"modified":"2025-02-27T23:49:10","modified_gmt":"2025-02-27T23:49:10","slug":"feria-del-trabajo","status":"publish","type":"post","link":"https:\/\/uman.gob.mx\/index.php\/2025\/02\/27\/feria-del-trabajo\/","title":{"rendered":"Feria del Trabajo."},"content":{"rendered":"<div id='gallery-1' class='gallery galleryid-2538 gallery-columns-4 gallery-size-thumbnail'><figure class='gallery-item'>\n\t\t\t<div class='gallery-icon landscape'>\n\t\t\t\t<a href='https:\/\/uman.gob.mx\/wp-content\/uploads\/2025\/02\/480550317_122140460162488300_7657089268041641438_n.jpg'><img loading=\"lazy\" decoding=\"async\" width=\"150\" height=\"150\" src=\"https:\/\/uman.gob.mx\/wp-content\/uploads\/2025\/02\/480550317_122140460162488300_7657089268041641438_n-150x150.jpg\" class=\"attachment-thumbnail size-thumbnail\" alt=\"\" srcset=\"https:\/\/uman.gob.mx\/wp-content\/uploads\/2025\/02\/480550317_122140460162488300_7657089268041641438_n-150x150.jpg 150w, https:\/\/uman.gob.mx\/wp-content\/uploads\/2025\/02\/480550317_122140460162488300_7657089268041641438_n-300x300.jpg 300w, https:\/\/uman.gob.mx\/wp-content\/uploads\/2025\/02\/480550317_122140460162488300_7657089268041641438_n.jpg 675w\" sizes=\"auto, (max-width: 150px) 100vw, 150px\" \/><\/a>\n\t\t\t<\/div><\/figure><figure class='gallery-item'>\n\t\t\t<div class='gallery-icon landscape'>\n\t\t\t\t<a href='https:\/\/uman.gob.mx\/wp-content\/uploads\/2025\/02\/480566789_122140460312488300_5732478279856381439_n.jpg'><img loading=\"lazy\" decoding=\"async\" width=\"150\" height=\"150\" src=\"https:\/\/uman.gob.mx\/wp-content\/uploads\/2025\/02\/480566789_122140460312488300_5732478279856381439_n-150x150.jpg\" class=\"attachment-thumbnail size-thumbnail\" alt=\"\" \/><\/a>\n\t\t\t<\/div><\/figure><figure class='gallery-item'>\n\t\t\t<div class='gallery-icon portrait'>\n\t\t\t\t<a href='https:\/\/uman.gob.mx\/wp-content\/uploads\/2025\/02\/480853180_122140460204488300_3491446791835013799_n.jpg'><img loading=\"lazy\" decoding=\"async\" width=\"150\" height=\"150\" src=\"https:\/\/uman.gob.mx\/wp-content\/uploads\/2025\/02\/480853180_122140460204488300_3491446791835013799_n-150x150.jpg\" class=\"attachment-thumbnail size-thumbnail\" alt=\"\" srcset=\"https:\/\/uman.gob.mx\/wp-content\/uploads\/2025\/02\/480853180_122140460204488300_3491446791835013799_n-150x150.jpg 150w, https:\/\/uman.gob.mx\/wp-content\/uploads\/2025\/02\/480853180_122140460204488300_3491446791835013799_n-300x300.jpg 300w, https:\/\/uman.gob.mx\/wp-content\/uploads\/2025\/02\/480853180_122140460204488300_3491446791835013799_n.jpg 668w\" sizes=\"auto, (max-width: 150px) 100vw, 150px\" \/><\/a>\n\t\t\t<\/div><\/figure><figure class='gallery-item'>\n\t\t\t<div class='gallery-icon landscape'>\n\t\t\t\t<a href='https:\/\/uman.gob.mx\/wp-content\/uploads\/2025\/02\/481145361_122140460252488300_7602591995638229271_n.jpg'><img loading=\"lazy\" decoding=\"async\" width=\"150\" height=\"150\" src=\"https:\/\/uman.gob.mx\/wp-content\/uploads\/2025\/02\/481145361_122140460252488300_7602591995638229271_n-150x150.jpg\" class=\"attachment-thumbnail size-thumbnail\" alt=\"\" \/><\/a>\n\t\t\t<\/div><\/figure>\n\t\t<\/div>\n\n<p>La Direcci\u00f3n de Trabajo a trav\u00e9s del programa <span class=\"html-span xdj266r x11i5rnm xat24cr x1mh8g0r xexx8yu x4uap5 x18d9i69 xkhd6sd x1hl2dhg x16tdsg8 x1vvkbs\"><a class=\"x1i10hfl xjbqb8w x1ejq31n xd10rxx x1sy0etr x17r0tee x972fbf xcfux6l x1qhh985 xm0m39n x9f619 x1ypdohk xt0psk2 xe8uvvx xdj266r x11i5rnm xat24cr x1mh8g0r xexx8yu x4uap5 x18d9i69 xkhd6sd x16tdsg8 x1hl2dhg xggy1nq x1a2a7pz xkrqix3 x1sur9pj x1fey0fg x1s688f\" tabindex=\"0\" role=\"link\" href=\"https:\/\/www.facebook.com\/hashtag\/bienestarlaboral?__eep__=6&amp;__cft__[0]=AZWIooWJzkKGDAGjJ8htz6oT_VBoj6igMzmH5R8QCmwb_08O63ubE9kLjKc63QGqgr5bnPpnp7Gna3F_VWlM7YuCvQM8OnUFqAcDka--_Abgz4BxZ-ABRUQnfYNNxwNclqDlhSgy9i1kWiCEPm3KQpWtjeKTFGDiNdtsbS4H7p13jw&amp;__tn__=*NK-R\">#BienestarLaboral<\/a><\/span> realiz\u00f3 una feria de trabajo donde se ofertaron diferentes vacantes en la plaza principal de nuestra ciudad.<\/p>\n","protected":false},"excerpt":{"rendered":"<p>La Direcci\u00f3n de Trabajo a trav\u00e9s del programa #BienestarLaboral realiz\u00f3 una feria de trabajo donde se ofertaron diferentes vacantes en la plaza principal de nuestra ciudad.<\/p>\n","protected":false},"author":1,"featured_media":2539,"comment_status":"closed","ping_status":"open","sticky":false,"template":"","format":"standard","meta":{"footnotes":""},"categories":[21],"tags":[],"class_list":["post-2538","post","type-post","status-publish","format-standard","has-post-thumbnail","hentry","category-trabajo"],"_links":{"self":[{"href":"https:\/\/uman.gob.mx\/index.php\/wp-json\/wp\/v2\/posts\/2538","targetHints":{"allow":["GET"]}}],"collection":[{"href":"https:\/\/uman.gob.mx\/index.php\/wp-json\/wp\/v2\/posts"}],"about":[{"href":"https:\/\/uman.gob.mx\/index.php\/wp-json\/wp\/v2\/types\/post"}],"author":[{"embeddable":true,"href":"https:\/\/uman.gob.mx\/index.php\/wp-json\/wp\/v2\/users\/1"}],"replies":[{"embeddable":true,"href":"https:\/\/uman.gob.mx\/index.php\/wp-json\/wp\/v2\/comments?post=2538"}],"version-history":[{"count":1,"href":"https:\/\/uman.gob.mx\/index.php\/wp-json\/wp\/v2\/posts\/2538\/revisions"}],"predecessor-version":[{"id":2543,"href":"https:\/\/uman.gob.mx\/index.php\/wp-json\/wp\/v2\/posts\/2538\/revisions\/2543"}],"wp:featuredmedia":[{"embeddable":true,"href":"https:\/\/uman.gob.mx\/index.php\/wp-json\/wp\/v2\/media\/2539"}],"wp:attachment":[{"href":"https:\/\/uman.gob.mx\/index.php\/wp-json\/wp\/v2\/media?parent=2538"}],"wp:term":[{"taxonomy":"category","embeddable":true,"href":"https:\/\/uman.gob.mx\/index.php\/wp-json\/wp\/v2\/categories?post=2538"},{"taxonomy":"post_tag","embeddable":true,"href":"https:\/\/uman.gob.mx\/index.php\/wp-json\/wp\/v2\/tags?post=2538"}],"curies":[{"name":"wp","href":"https:\/\/api.w.org\/{rel}","templated":true}]}}