{"id":2486,"date":"2025-02-27T22:04:44","date_gmt":"2025-02-27T22:04:44","guid":{"rendered":"https:\/\/uman.gob.mx\/?p=2486"},"modified":"2025-02-27T22:04:44","modified_gmt":"2025-02-27T22:04:44","slug":"reina-del-carnaval-del-team-vero","status":"publish","type":"post","link":"https:\/\/uman.gob.mx\/index.php\/2025\/02\/27\/reina-del-carnaval-del-team-vero\/","title":{"rendered":"Reina del Carnaval del Team Vero."},"content":{"rendered":"<div id='gallery-1' class='gallery galleryid-2486 gallery-columns-4 gallery-size-thumbnail'><figure class='gallery-item'>\n\t\t\t<div class='gallery-icon landscape'>\n\t\t\t\t<a href='https:\/\/uman.gob.mx\/wp-content\/uploads\/2025\/02\/479497303_122139246236488300_8925893076164575980_n.jpg'><img loading=\"lazy\" decoding=\"async\" width=\"150\" height=\"150\" src=\"https:\/\/uman.gob.mx\/wp-content\/uploads\/2025\/02\/479497303_122139246236488300_8925893076164575980_n-150x150.jpg\" class=\"attachment-thumbnail size-thumbnail\" alt=\"\" \/><\/a>\n\t\t\t<\/div><\/figure><figure class='gallery-item'>\n\t\t\t<div class='gallery-icon landscape'>\n\t\t\t\t<a href='https:\/\/uman.gob.mx\/wp-content\/uploads\/2025\/02\/479514923_122139246284488300_3690513722619264557_n.jpg'><img loading=\"lazy\" decoding=\"async\" width=\"150\" height=\"150\" src=\"https:\/\/uman.gob.mx\/wp-content\/uploads\/2025\/02\/479514923_122139246284488300_3690513722619264557_n-150x150.jpg\" class=\"attachment-thumbnail size-thumbnail\" alt=\"\" \/><\/a>\n\t\t\t<\/div><\/figure><figure class='gallery-item'>\n\t\t\t<div class='gallery-icon landscape'>\n\t\t\t\t<a href='https:\/\/uman.gob.mx\/wp-content\/uploads\/2025\/02\/479521756_122139246194488300_7439765578744388264_n.jpg'><img loading=\"lazy\" decoding=\"async\" width=\"150\" height=\"150\" src=\"https:\/\/uman.gob.mx\/wp-content\/uploads\/2025\/02\/479521756_122139246194488300_7439765578744388264_n-150x150.jpg\" class=\"attachment-thumbnail size-thumbnail\" alt=\"\" \/><\/a>\n\t\t\t<\/div><\/figure><figure class='gallery-item'>\n\t\t\t<div class='gallery-icon landscape'>\n\t\t\t\t<a href='https:\/\/uman.gob.mx\/wp-content\/uploads\/2025\/02\/479522420_122139246464488300_5493270007101365254_n.jpg'><img loading=\"lazy\" decoding=\"async\" width=\"150\" height=\"150\" src=\"https:\/\/uman.gob.mx\/wp-content\/uploads\/2025\/02\/479522420_122139246464488300_5493270007101365254_n-150x150.jpg\" class=\"attachment-thumbnail size-thumbnail\" alt=\"\" \/><\/a>\n\t\t\t<\/div><\/figure>\n\t\t<\/div>\n\n<div class=\"xdj266r x11i5rnm xat24cr x1mh8g0r x1vvkbs x126k92a\">\n<div dir=\"auto\">\u00a1Un gran ambiente se vivi\u00f3 esta ma\u00f1ana en la coronaci\u00f3n de la Reina del Carnaval del Team Vero!<\/div>\n<\/div>\n<div class=\"x11i5rnm xat24cr x1mh8g0r x1vvkbs xtlvy1s x126k92a\">\n<div dir=\"auto\">El Director de Deportes y Cultura F\u00edsica, Rosendo Quintal, y la Jefa de Diversidad Sexual, Elsy Echeverr\u00eda, participaron en la emotiva ceremonia, celebrando juntos la alegr\u00eda y el esp\u00edritu del Carnaval.<\/div>\n<\/div>\n","protected":false},"excerpt":{"rendered":"<p>\u00a1Un gran ambiente se vivi\u00f3 esta ma\u00f1ana en la coronaci\u00f3n de la Reina del Carnaval del Team Vero! El Director de Deportes y Cultura F\u00edsica, Rosendo Quintal, y la Jefa de Diversidad Sexual, Elsy Echeverr\u00eda, participaron en la emotiva ceremonia, celebrando juntos la alegr\u00eda y el esp\u00edritu del Carnaval.<\/p>\n","protected":false},"author":1,"featured_media":2489,"comment_status":"closed","ping_status":"open","sticky":false,"template":"","format":"standard","meta":{"footnotes":""},"categories":[16],"tags":[],"class_list":["post-2486","post","type-post","status-publish","format-standard","has-post-thumbnail","hentry","category-cultura"],"_links":{"self":[{"href":"https:\/\/uman.gob.mx\/index.php\/wp-json\/wp\/v2\/posts\/2486","targetHints":{"allow":["GET"]}}],"collection":[{"href":"https:\/\/uman.gob.mx\/index.php\/wp-json\/wp\/v2\/posts"}],"about":[{"href":"https:\/\/uman.gob.mx\/index.php\/wp-json\/wp\/v2\/types\/post"}],"author":[{"embeddable":true,"href":"https:\/\/uman.gob.mx\/index.php\/wp-json\/wp\/v2\/users\/1"}],"replies":[{"embeddable":true,"href":"https:\/\/uman.gob.mx\/index.php\/wp-json\/wp\/v2\/comments?post=2486"}],"version-history":[{"count":1,"href":"https:\/\/uman.gob.mx\/index.php\/wp-json\/wp\/v2\/posts\/2486\/revisions"}],"predecessor-version":[{"id":2491,"href":"https:\/\/uman.gob.mx\/index.php\/wp-json\/wp\/v2\/posts\/2486\/revisions\/2491"}],"wp:featuredmedia":[{"embeddable":true,"href":"https:\/\/uman.gob.mx\/index.php\/wp-json\/wp\/v2\/media\/2489"}],"wp:attachment":[{"href":"https:\/\/uman.gob.mx\/index.php\/wp-json\/wp\/v2\/media?parent=2486"}],"wp:term":[{"taxonomy":"category","embeddable":true,"href":"https:\/\/uman.gob.mx\/index.php\/wp-json\/wp\/v2\/categories?post=2486"},{"taxonomy":"post_tag","embeddable":true,"href":"https:\/\/uman.gob.mx\/index.php\/wp-json\/wp\/v2\/tags?post=2486"}],"curies":[{"name":"wp","href":"https:\/\/api.w.org\/{rel}","templated":true}]}}