{"id":1757,"date":"2024-12-16T16:49:52","date_gmt":"2024-12-16T16:49:52","guid":{"rendered":"https:\/\/uman.gob.mx\/?p=1757"},"modified":"2024-12-16T16:49:52","modified_gmt":"2024-12-16T16:49:52","slug":"primera-feria-del-empleo-bienestar-laboral","status":"publish","type":"post","link":"https:\/\/uman.gob.mx\/index.php\/2024\/12\/16\/primera-feria-del-empleo-bienestar-laboral\/","title":{"rendered":"Primera feria del empleo \u00abBienestar Laboral\u00bb."},"content":{"rendered":"<div id='gallery-1' class='gallery galleryid-1757 gallery-columns-6 gallery-size-thumbnail'><figure class='gallery-item'>\n\t\t\t<div class='gallery-icon landscape'>\n\t\t\t\t<a href='https:\/\/uman.gob.mx\/wp-content\/uploads\/2024\/12\/469259761_122127146132488300_8956572450348808319_n.jpg'><img loading=\"lazy\" decoding=\"async\" width=\"150\" height=\"150\" src=\"https:\/\/uman.gob.mx\/wp-content\/uploads\/2024\/12\/469259761_122127146132488300_8956572450348808319_n-150x150.jpg\" class=\"attachment-thumbnail size-thumbnail\" alt=\"\" \/><\/a>\n\t\t\t<\/div><\/figure><figure class='gallery-item'>\n\t\t\t<div class='gallery-icon landscape'>\n\t\t\t\t<a href='https:\/\/uman.gob.mx\/wp-content\/uploads\/2024\/12\/469263866_122127146126488300_4517579895390716476_n.jpg'><img loading=\"lazy\" decoding=\"async\" width=\"150\" height=\"150\" src=\"https:\/\/uman.gob.mx\/wp-content\/uploads\/2024\/12\/469263866_122127146126488300_4517579895390716476_n-150x150.jpg\" class=\"attachment-thumbnail size-thumbnail\" alt=\"\" \/><\/a>\n\t\t\t<\/div><\/figure><figure class='gallery-item'>\n\t\t\t<div class='gallery-icon landscape'>\n\t\t\t\t<a href='https:\/\/uman.gob.mx\/wp-content\/uploads\/2024\/12\/469286031_122127146270488300_2372118488855109608_n.jpg'><img loading=\"lazy\" decoding=\"async\" width=\"150\" height=\"150\" src=\"https:\/\/uman.gob.mx\/wp-content\/uploads\/2024\/12\/469286031_122127146270488300_2372118488855109608_n-150x150.jpg\" class=\"attachment-thumbnail size-thumbnail\" alt=\"\" srcset=\"https:\/\/uman.gob.mx\/wp-content\/uploads\/2024\/12\/469286031_122127146270488300_2372118488855109608_n-150x150.jpg 150w, https:\/\/uman.gob.mx\/wp-content\/uploads\/2024\/12\/469286031_122127146270488300_2372118488855109608_n-300x300.jpg 300w, https:\/\/uman.gob.mx\/wp-content\/uploads\/2024\/12\/469286031_122127146270488300_2372118488855109608_n-1024x1024.jpg 1024w, https:\/\/uman.gob.mx\/wp-content\/uploads\/2024\/12\/469286031_122127146270488300_2372118488855109608_n-768x768.jpg 768w, https:\/\/uman.gob.mx\/wp-content\/uploads\/2024\/12\/469286031_122127146270488300_2372118488855109608_n.jpg 1440w\" sizes=\"auto, (max-width: 150px) 100vw, 150px\" \/><\/a>\n\t\t\t<\/div><\/figure><figure class='gallery-item'>\n\t\t\t<div class='gallery-icon landscape'>\n\t\t\t\t<a href='https:\/\/uman.gob.mx\/wp-content\/uploads\/2024\/12\/469304001_122127146216488300_5656421900198691867_n.jpg'><img loading=\"lazy\" decoding=\"async\" width=\"150\" height=\"150\" src=\"https:\/\/uman.gob.mx\/wp-content\/uploads\/2024\/12\/469304001_122127146216488300_5656421900198691867_n-150x150.jpg\" class=\"attachment-thumbnail size-thumbnail\" alt=\"\" \/><\/a>\n\t\t\t<\/div><\/figure><figure class='gallery-item'>\n\t\t\t<div class='gallery-icon landscape'>\n\t\t\t\t<a href='https:\/\/uman.gob.mx\/wp-content\/uploads\/2024\/12\/469367852_122127146534488300_3756474637812105119_n.jpg'><img loading=\"lazy\" decoding=\"async\" width=\"150\" height=\"150\" src=\"https:\/\/uman.gob.mx\/wp-content\/uploads\/2024\/12\/469367852_122127146534488300_3756474637812105119_n-150x150.jpg\" class=\"attachment-thumbnail size-thumbnail\" alt=\"\" \/><\/a>\n\t\t\t<\/div><\/figure><figure class='gallery-item'>\n\t\t\t<div class='gallery-icon landscape'>\n\t\t\t\t<a href='https:\/\/uman.gob.mx\/wp-content\/uploads\/2024\/12\/469380397_122127145802488300_3912742028913631127_n.jpg'><img loading=\"lazy\" decoding=\"async\" width=\"150\" height=\"150\" src=\"https:\/\/uman.gob.mx\/wp-content\/uploads\/2024\/12\/469380397_122127145802488300_3912742028913631127_n-150x150.jpg\" class=\"attachment-thumbnail size-thumbnail\" alt=\"\" \/><\/a>\n\t\t\t<\/div><\/figure>\n\t\t<\/div>\n\n<div class=\"xdj266r x11i5rnm xat24cr x1mh8g0r x1vvkbs x126k92a\">\n<div dir=\"auto\">A trav\u00e9s de la Direcci\u00f3n de Trabajo y pensando en el bienestar de las familias umanenses, se llev\u00f3 a cabo la Primera Feria del Empleo \u201cBienestar Laboral\u201d, donde participaron m\u00e1s de 25 empresas ofreciendo m\u00e1s de 500 vacantes para la ciudadan\u00eda.<\/div>\n<\/div>\n<div class=\"x11i5rnm xat24cr x1mh8g0r x1vvkbs xtlvy1s x126k92a\">\n<div dir=\"auto\">En representaci\u00f3n de la presidenta municipal de Um\u00e1n, la Mtra. Kenia Walldina Sauri Maradiaga, estuvo presente la directora del DIF municipal, Mtra. Paloma Montero Quintal, quien destac\u00f3 que estas actividades tienen el objetivo de brindar estabilidad econ\u00f3mica a las familias y abrir oportunidades laborales accesibles para todas y todos los umanenses.<\/div>\n<\/div>\n<div class=\"x11i5rnm xat24cr x1mh8g0r x1vvkbs xtlvy1s x126k92a\">\n<div dir=\"auto\">El evento cont\u00f3 con la participaci\u00f3n de la Directora de Trabajo del Ayuntamiento, Lizeth Herrera Camacho, el Subsecretario de Trabajo, Mtro. Luis Borjas Romero, el Lic. Omar Eloy \u00c1lvarez Moguel, director del Servicio Nacional de Empleo Yucat\u00e1n, as\u00ed como de la Secretaria Municipal, Roc\u00edo Chac\u00f3n Yam, regidoras, regidores y dem\u00e1s autoridades municipales.<\/div>\n<\/div>\n<div class=\"x11i5rnm xat24cr x1mh8g0r x1vvkbs xtlvy1s x126k92a\">\n<div dir=\"auto\">Desde esta administraci\u00f3n, reafirmamos nuestro compromiso de seguir impulsando programas que contribuyan al desarrollo econ\u00f3mico y social de Um\u00e1n, fortaleciendo el bienestar de nuestras familias.<\/div>\n<\/div>\n","protected":false},"excerpt":{"rendered":"<p>A trav\u00e9s de la Direcci\u00f3n de Trabajo y pensando en el bienestar de las familias umanenses, se llev\u00f3 a cabo la Primera Feria del Empleo \u201cBienestar Laboral\u201d, donde participaron m\u00e1s de 25 empresas ofreciendo m\u00e1s de 500 vacantes para la ciudadan\u00eda. En representaci\u00f3n de la presidenta municipal de Um\u00e1n, la Mtra. Kenia Walldina Sauri Maradiaga, [&hellip;]<\/p>\n","protected":false},"author":1,"featured_media":1763,"comment_status":"closed","ping_status":"open","sticky":false,"template":"","format":"standard","meta":{"footnotes":""},"categories":[21],"tags":[],"class_list":["post-1757","post","type-post","status-publish","format-standard","has-post-thumbnail","hentry","category-trabajo"],"_links":{"self":[{"href":"https:\/\/uman.gob.mx\/index.php\/wp-json\/wp\/v2\/posts\/1757","targetHints":{"allow":["GET"]}}],"collection":[{"href":"https:\/\/uman.gob.mx\/index.php\/wp-json\/wp\/v2\/posts"}],"about":[{"href":"https:\/\/uman.gob.mx\/index.php\/wp-json\/wp\/v2\/types\/post"}],"author":[{"embeddable":true,"href":"https:\/\/uman.gob.mx\/index.php\/wp-json\/wp\/v2\/users\/1"}],"replies":[{"embeddable":true,"href":"https:\/\/uman.gob.mx\/index.php\/wp-json\/wp\/v2\/comments?post=1757"}],"version-history":[{"count":1,"href":"https:\/\/uman.gob.mx\/index.php\/wp-json\/wp\/v2\/posts\/1757\/revisions"}],"predecessor-version":[{"id":1764,"href":"https:\/\/uman.gob.mx\/index.php\/wp-json\/wp\/v2\/posts\/1757\/revisions\/1764"}],"wp:featuredmedia":[{"embeddable":true,"href":"https:\/\/uman.gob.mx\/index.php\/wp-json\/wp\/v2\/media\/1763"}],"wp:attachment":[{"href":"https:\/\/uman.gob.mx\/index.php\/wp-json\/wp\/v2\/media?parent=1757"}],"wp:term":[{"taxonomy":"category","embeddable":true,"href":"https:\/\/uman.gob.mx\/index.php\/wp-json\/wp\/v2\/categories?post=1757"},{"taxonomy":"post_tag","embeddable":true,"href":"https:\/\/uman.gob.mx\/index.php\/wp-json\/wp\/v2\/tags?post=1757"}],"curies":[{"name":"wp","href":"https:\/\/api.w.org\/{rel}","templated":true}]}}