{"id":1694,"date":"2024-12-16T14:51:52","date_gmt":"2024-12-16T14:51:52","guid":{"rendered":"https:\/\/uman.gob.mx\/?p=1694"},"modified":"2024-12-16T14:51:52","modified_gmt":"2024-12-16T14:51:52","slug":"actividad-yo-decido-mi-proyecto-de-vida-con-amor-y-responsabilidad","status":"publish","type":"post","link":"https:\/\/uman.gob.mx\/index.php\/2024\/12\/16\/actividad-yo-decido-mi-proyecto-de-vida-con-amor-y-responsabilidad\/","title":{"rendered":"Actividad \u00abYo Decido mi Proyecto de Vida, con Amor y Responsabilidad\u00bb."},"content":{"rendered":"<div id='gallery-1' class='gallery galleryid-1694 gallery-columns-5 gallery-size-thumbnail'><figure class='gallery-item'>\n\t\t\t<div class='gallery-icon landscape'>\n\t\t\t\t<a href='https:\/\/uman.gob.mx\/wp-content\/uploads\/2024\/12\/468517396_122125958102488300_2182840480381297668_n.jpg'><img loading=\"lazy\" decoding=\"async\" width=\"150\" height=\"150\" src=\"https:\/\/uman.gob.mx\/wp-content\/uploads\/2024\/12\/468517396_122125958102488300_2182840480381297668_n-150x150.jpg\" class=\"attachment-thumbnail size-thumbnail\" alt=\"\" \/><\/a>\n\t\t\t<\/div><\/figure><figure class='gallery-item'>\n\t\t\t<div class='gallery-icon landscape'>\n\t\t\t\t<a href='https:\/\/uman.gob.mx\/wp-content\/uploads\/2024\/12\/468594398_122125958156488300_1119639770277292087_n.jpg'><img loading=\"lazy\" decoding=\"async\" width=\"150\" height=\"150\" src=\"https:\/\/uman.gob.mx\/wp-content\/uploads\/2024\/12\/468594398_122125958156488300_1119639770277292087_n-150x150.jpg\" class=\"attachment-thumbnail size-thumbnail\" alt=\"\" \/><\/a>\n\t\t\t<\/div><\/figure><figure class='gallery-item'>\n\t\t\t<div class='gallery-icon landscape'>\n\t\t\t\t<a href='https:\/\/uman.gob.mx\/wp-content\/uploads\/2024\/12\/468729555_122125957970488300_35124636868131839_n.jpg'><img loading=\"lazy\" decoding=\"async\" width=\"150\" height=\"150\" src=\"https:\/\/uman.gob.mx\/wp-content\/uploads\/2024\/12\/468729555_122125957970488300_35124636868131839_n-150x150.jpg\" class=\"attachment-thumbnail size-thumbnail\" alt=\"\" \/><\/a>\n\t\t\t<\/div><\/figure><figure class='gallery-item'>\n\t\t\t<div class='gallery-icon landscape'>\n\t\t\t\t<a href='https:\/\/uman.gob.mx\/wp-content\/uploads\/2024\/12\/468732365_122125958018488300_3185499859035055612_n.jpg'><img loading=\"lazy\" decoding=\"async\" width=\"150\" height=\"150\" src=\"https:\/\/uman.gob.mx\/wp-content\/uploads\/2024\/12\/468732365_122125958018488300_3185499859035055612_n-150x150.jpg\" class=\"attachment-thumbnail size-thumbnail\" alt=\"\" \/><\/a>\n\t\t\t<\/div><\/figure><figure class='gallery-item'>\n\t\t\t<div class='gallery-icon landscape'>\n\t\t\t\t<a href='https:\/\/uman.gob.mx\/wp-content\/uploads\/2024\/12\/468751464_122125958060488300_1588809886448163606_n.jpg'><img loading=\"lazy\" decoding=\"async\" width=\"150\" height=\"150\" src=\"https:\/\/uman.gob.mx\/wp-content\/uploads\/2024\/12\/468751464_122125958060488300_1588809886448163606_n-150x150.jpg\" class=\"attachment-thumbnail size-thumbnail\" alt=\"\" \/><\/a>\n\t\t\t<\/div><\/figure>\n\t\t<\/div>\n\n<div class=\"xdj266r x11i5rnm xat24cr x1mh8g0r x1vvkbs x126k92a\">\n<div dir=\"auto\">Gracias a la Escuela Secundaria Raquel Dzib Cicero por apoyarnos en la actividad \u201cYo decido mi proyecto de vida con amor y responsabilidad\u201d, organizada por la Jefatura de Diversidad Sexual y de G\u00e9nero, en coordinaci\u00f3n con la Direcci\u00f3n de Deportes y Yaxch\u00e9 A.C..<\/div>\n<\/div>\n<div class=\"x11i5rnm xat24cr x1mh8g0r x1vvkbs xtlvy1s x126k92a\">\n<div dir=\"auto\">\u00a1Seguimos promoviendo valores y oportunidades para todos en nuestro municipio!<\/div>\n<\/div>\n","protected":false},"excerpt":{"rendered":"<p>Gracias a la Escuela Secundaria Raquel Dzib Cicero por apoyarnos en la actividad \u201cYo decido mi proyecto de vida con amor y responsabilidad\u201d, organizada por la Jefatura de Diversidad Sexual y de G\u00e9nero, en coordinaci\u00f3n con la Direcci\u00f3n de Deportes y Yaxch\u00e9 A.C.. \u00a1Seguimos promoviendo valores y oportunidades para todos en nuestro municipio!<\/p>\n","protected":false},"author":1,"featured_media":1697,"comment_status":"closed","ping_status":"open","sticky":false,"template":"","format":"standard","meta":{"footnotes":""},"categories":[17],"tags":[],"class_list":["post-1694","post","type-post","status-publish","format-standard","has-post-thumbnail","hentry","category-diversidad-sexual-y-genero"],"_links":{"self":[{"href":"https:\/\/uman.gob.mx\/index.php\/wp-json\/wp\/v2\/posts\/1694","targetHints":{"allow":["GET"]}}],"collection":[{"href":"https:\/\/uman.gob.mx\/index.php\/wp-json\/wp\/v2\/posts"}],"about":[{"href":"https:\/\/uman.gob.mx\/index.php\/wp-json\/wp\/v2\/types\/post"}],"author":[{"embeddable":true,"href":"https:\/\/uman.gob.mx\/index.php\/wp-json\/wp\/v2\/users\/1"}],"replies":[{"embeddable":true,"href":"https:\/\/uman.gob.mx\/index.php\/wp-json\/wp\/v2\/comments?post=1694"}],"version-history":[{"count":1,"href":"https:\/\/uman.gob.mx\/index.php\/wp-json\/wp\/v2\/posts\/1694\/revisions"}],"predecessor-version":[{"id":1700,"href":"https:\/\/uman.gob.mx\/index.php\/wp-json\/wp\/v2\/posts\/1694\/revisions\/1700"}],"wp:featuredmedia":[{"embeddable":true,"href":"https:\/\/uman.gob.mx\/index.php\/wp-json\/wp\/v2\/media\/1697"}],"wp:attachment":[{"href":"https:\/\/uman.gob.mx\/index.php\/wp-json\/wp\/v2\/media?parent=1694"}],"wp:term":[{"taxonomy":"category","embeddable":true,"href":"https:\/\/uman.gob.mx\/index.php\/wp-json\/wp\/v2\/categories?post=1694"},{"taxonomy":"post_tag","embeddable":true,"href":"https:\/\/uman.gob.mx\/index.php\/wp-json\/wp\/v2\/tags?post=1694"}],"curies":[{"name":"wp","href":"https:\/\/api.w.org\/{rel}","templated":true}]}}